{"id":6624,"date":"2020-03-11T14:33:19","date_gmt":"2020-03-11T18:33:19","guid":{"rendered":"https:\/\/dreww.ca\/blog\/ma-nomination-dans-la-categorie-30-ans-et-moins-fut-un-travail-dequipe\/"},"modified":"2021-03-10T14:34:00","modified_gmt":"2021-03-10T19:34:00","slug":"ma-nomination-dans-la-categorie-30-ans-et-moins-fut-un-travail-dequipe","status":"publish","type":"post","link":"https:\/\/dreww.ca\/fr\/blog\/ma-nomination-dans-la-categorie-30-ans-et-moins-fut-un-travail-dequipe\/","title":{"rendered":"Ma nomination dans la cat\u00e9gorie \u00ab\u00a030 ans et moins\u00a0\u00bb fut un travail d&rsquo;\u00e9quipe"},"content":{"rendered":"\n<p>\u00c0 19 ans, j&rsquo;ai d\u00e9cid\u00e9 de renoncer \u00e0 une \u00e9ducation formelle. Contre la volont\u00e9 de mes parents et de mes amis proches, j&rsquo;ai abandonn\u00e9 mon programme de commerce au Coll\u00e8ge John Abbott pour poursuivre mes ambitions en marketing num\u00e9rique. Tout le monde me disait que si je ne poursuivais pas mes \u00e9tudes, j&rsquo;\u00e9chouerais dans un secteur aussi comp\u00e9titif. <\/p>\n\n<p>Huit ans plus tard, \u00e0 l&rsquo;\u00e2ge de 27 ans, je sais que j&rsquo;ai pris la bonne d\u00e9cision. Mais l&rsquo;avais-je vraiment fait ? Il est difficile de se juger soi-m\u00eame sans \u00eatre biais\u00e9. Cette nomination par Infopresse dans leur liste des 30 under 30 pour les jeunes professionnels dans le monde des m\u00e9dias et du marketing me confirme que j&rsquo;ai pris la bonne d\u00e9cision. Ce sont d&rsquo;autres professionnels de l&rsquo;industrie qui valide que je suis sur la bonne voie.<\/p>\n\n<p>Mon parcours a \u00e9t\u00e9 rempli de doutes, d&rsquo;\u00e9checs et de beaucoup d&rsquo;anxi\u00e9t\u00e9. C&rsquo;\u00e9tait loin d&rsquo;\u00eatre facile, surtout au d\u00e9but, lorsque je n&rsquo;avais rien d&rsquo;autre \u00e0 montrer que mes r\u00eaves et mes ambitions. Les gens ne se soucient pas de savoir si vous avez de grandes id\u00e9es. Ils vous jugent sur ce que vous avez d\u00e9j\u00e0 accompli, et non sur ce que vous r\u00eavez de faire.<\/p>\n\n<p>Malgr\u00e9 les longues heures, le travail acharn\u00e9 et les risques pris ces derni\u00e8res ann\u00e9es, j&rsquo;ai eu ma part d&rsquo;\u00e9checs. Et j&rsquo;ai \u00e9chou\u00e9, beaucoup \u00e9chou\u00e9 !\u00a0Mais j&rsquo;ai aussi connu de grands succ\u00e8s et ce sont ces succ\u00e8s et ces victoires qui m&rsquo;ont donn\u00e9 la confiance n\u00e9cessaire pour travailler sur des projets plus importants et plus risqu\u00e9s. J&rsquo;ai fini par comprendre que si je m&rsquo;y mets de tout coeur, je peux tout accomplir.<\/p>\n\n<p>Tout au long de mon parcours, il y a quelques personnes qui ont cru en moi et je voudrais prendre un moment pour les remercier de m&rsquo;avoir donn\u00e9 une chance de donner vie \u00e0 l&rsquo;une de mes nombreuses id\u00e9es folles.<\/p>\n\n<p><strong>Scott Geiring &#8211; Chef et copropri\u00e9taire du Bistro Carambola<\/strong><\/p>\n\n<p>Scott a \u00e9t\u00e9 mon tout premier client qui m&rsquo;a engag\u00e9 comme consultant en marketing. J&rsquo;avais 19 ans, et il ne croyait pas au marketing des m\u00e9dias sociaux. Scott faisait encore de la publicit\u00e9 dans le journal local. Ensemble, nous avons converti son budget de l&rsquo;imprim\u00e9 au num\u00e9rique et il a vu son entreprise prosp\u00e9rer.<\/p>\n\n<figure class=\"wp-block-image size-large\"><img loading=\"lazy\" decoding=\"async\" width=\"1500\" height=\"938\" src=\"https:\/\/i1.wp.com\/www.amjmedia.com\/wp-content\/uploads\/2020\/03\/Scott-Geiring-Bistro-Carambola.jpg?fit=1024%2C640&amp;ssl=1\" alt=\"\" class=\"wp-image-2098\" srcset=\"https:\/\/dreww.ca\/wp-content\/uploads\/2020\/03\/Scott-Geiring-Bistro-Carambola.jpg 1500w, https:\/\/dreww.ca\/wp-content\/uploads\/2020\/03\/Scott-Geiring-Bistro-Carambola-300x188.jpg 300w, https:\/\/dreww.ca\/wp-content\/uploads\/2020\/03\/Scott-Geiring-Bistro-Carambola-1024x640.jpg 1024w, https:\/\/dreww.ca\/wp-content\/uploads\/2020\/03\/Scott-Geiring-Bistro-Carambola-768x480.jpg 768w, https:\/\/dreww.ca\/wp-content\/uploads\/2020\/03\/Scott-Geiring-Bistro-Carambola-100x63.jpg 100w, https:\/\/dreww.ca\/wp-content\/uploads\/2020\/03\/Scott-Geiring-Bistro-Carambola-1200x750.jpg 1200w\" sizes=\"auto, (max-width: 1500px) 100vw, 1500px\" \/><figcaption>Scott Geiring &#8211; Bistro Carambola<\/figcaption><\/figure>\n<p><strong>Olivier Primeau &#8211; Pr\u00e9sident et co-propri\u00e9taire du groupe Midway (Beachclub)<\/strong><\/p>\n\n<p>Olivier a \u00e9t\u00e9 le premier projet \u00e0 gros budget sur lequel j&rsquo;ai eu l&rsquo;occasion de travailler. Avant l&rsquo;ouverture de sa premi\u00e8re saison au Beachclub, sous son nouveau propri\u00e9taire, je lui ai propos\u00e9, ainsi qu&rsquo;\u00e0 sa famille, de faire d&rsquo;Olivier un personnage public et le visage de l&rsquo;entreprise sur les m\u00e9dias sociaux. Aujourd&rsquo;hui, Olivier cumule plus de 500 000 followers sur les r\u00e9seaux sociaux et plusieurs projets r\u00e9ussis.<\/p>\n<figure class=\"wp-block-embed is-type-video is-provider-youtube wp-block-embed-youtube wp-embed-aspect-16-9 wp-has-aspect-ratio\"><div class=\"wp-block-embed__wrapper\">\r\n<div class=\"x-resp-embed x-is-video x-is-youtube\"><iframe loading=\"lazy\" title=\"Andrew Johnson (AMJ) Interview - Audacieux Documentary w\/ Olivier Primeau\" width=\"1590\" height=\"894\" src=\"https:\/\/www.youtube.com\/embed\/ER5X6a1psqg?feature=oembed\" frameborder=\"0\" allow=\"accelerometer; autoplay; clipboard-write; encrypted-media; gyroscope; picture-in-picture; web-share\" referrerpolicy=\"strict-origin-when-cross-origin\" allowfullscreen><\/iframe><\/div>\r\n<\/div><\/figure>\r\n\n<p><strong>Jean Castonguay &#8211; Pr\u00e9sident, PDG et cofondateur de Cognisense Inc.<\/strong><\/p>\n\n<p>Jean est comme mon deuxi\u00e8me p\u00e8re, j&rsquo;ai grandi avec son fils Jp qui est encore aujourd&rsquo;hui l&rsquo;un de mes meilleurs amis. Il a vu toutes les b\u00eatises que nous faisions quand nous \u00e9tions plus jeunes, il connaissait toutes mes difficult\u00e9s, et il m&rsquo;a quand m\u00eame donn\u00e9 une chance quand je lui ai demand\u00e9e d&rsquo;en avoir. Apr\u00e8s avoir pass\u00e9 3 ans comme directeur du marketing au Beachclub, je cherchais un nouveau d\u00e9fi. Jean m&rsquo;a donn\u00e9 une chance de r\u00e9aliser mon tout premier coup de publicit\u00e9 nord-am\u00e9ricain. Le produit de son entreprise, NeuroTracker, un logiciel d&rsquo;entra\u00eenement cognitif pour les athl\u00e8tes de haut niveau, \u00e9tait utilis\u00e9 par Matt Ryan pendant le Super Bowl 2017. Nous avons commenc\u00e9 la campagne en produisant une vid\u00e9o virale qui a \u00e9t\u00e9 post\u00e9e sur Facebook 2 semaines avant le Superbowl 2017. La vid\u00e9o \u00e9tait destin\u00e9e aux journalistes et aux fans des Atlanta Falcons et a g\u00e9n\u00e9r\u00e9 plus de 460 000 vues, 23 000 likes et 800 commentaires. La vid\u00e9o a attir\u00e9 l&rsquo;attention des m\u00e9dias suivants : The New-York Times, CNET, Fox News, CBS News, Daily Mail, La Presse, NBC Sports, Journal de Montr\u00e9al, Salut Bonjour et TVA Nouvelles. Jean a ensuite \u00e9t\u00e9 invit\u00e9 \u00e0 discuter de NeuroTracker sur FOX News pendant l&rsquo;\u00e9mission d&rsquo;avant-match du SuperBowl apr\u00e8s que leur journaliste ait vu la vid\u00e9o. Cette interview pendant le Superbowl a valu des millions de dollars en couverture m\u00e9diatique.<\/p>\n\n<figure class=\"wp-block-image size-large\"><img loading=\"lazy\" decoding=\"async\" width=\"1500\" height=\"938\" src=\"https:\/\/i2.wp.com\/www.amjmedia.com\/wp-content\/uploads\/2020\/03\/Jean-Castonguay-NeuroTracker.jpg?fit=1024%2C640&amp;ssl=1\" alt=\"\" class=\"wp-image-2097\" srcset=\"https:\/\/dreww.ca\/wp-content\/uploads\/2020\/03\/Jean-Castonguay-NeuroTracker.jpg 1500w, https:\/\/dreww.ca\/wp-content\/uploads\/2020\/03\/Jean-Castonguay-NeuroTracker-300x188.jpg 300w, https:\/\/dreww.ca\/wp-content\/uploads\/2020\/03\/Jean-Castonguay-NeuroTracker-1024x640.jpg 1024w, https:\/\/dreww.ca\/wp-content\/uploads\/2020\/03\/Jean-Castonguay-NeuroTracker-768x480.jpg 768w, https:\/\/dreww.ca\/wp-content\/uploads\/2020\/03\/Jean-Castonguay-NeuroTracker-100x63.jpg 100w, https:\/\/dreww.ca\/wp-content\/uploads\/2020\/03\/Jean-Castonguay-NeuroTracker-1200x750.jpg 1200w\" sizes=\"auto, (max-width: 1500px) 100vw, 1500px\" \/><figcaption>Jean Castonguay &#8211; Interview Fox News du Super Bowl<\/figcaption><\/figure>\n<p><strong>Maxime Labr\u00e8che &#8211; Vice-pr\u00e9sident et copropri\u00e9taire du groupe Addison \u00c9lectronique<\/strong><\/p>\n\n<p>Avec Beachclub et NeuroTracker \u00e0 mon actif, j&rsquo;\u00e9tais \u00e0 nouveau \u00e0 la recherche de mon prochain grand projet. Max m&rsquo;a approch\u00e9 avec le probl\u00e8me suivant : les Millennials ne connaissent pas sa cha\u00eene de 7 magasins d&rsquo;\u00e9lectronique nomm\u00e9e Addison Electronique. Afin de rendre sa marque pertinente pour la nouvelle g\u00e9n\u00e9ration de clients, nous avons d\u00e9velopp\u00e9 et mis en place une toute nouvelle plateforme de site web de commerce \u00e9lectronique, ainsi que produit et distribu\u00e9 une s\u00e9rie web intitul\u00e9e \u00ab\u00a0La S\u00e9rie Addison\u00a0\u00bb. La s\u00e9rie a \u00e9t\u00e9 inaugur\u00e9e au Club Soda devant plus de 600 personnes. Elle a \u00e9t\u00e9 publi\u00e9e sur Facebook et Youtube, accumulant plus de 600 000 vues et 1 million de minutes d&rsquo;\u00e9coute sur le march\u00e9 qu\u00e9b\u00e9cois.<\/p>\n<figure class=\"wp-block-embed is-type-video is-provider-youtube wp-block-embed-youtube wp-embed-aspect-16-9 wp-has-aspect-ratio\"><div class=\"wp-block-embed__wrapper\">\r\n<div class=\"x-resp-embed x-is-video x-is-youtube\"><iframe loading=\"lazy\" title=\"La S\u00e9rie Addison - Trailer Officiel - Saison 1\" width=\"1590\" height=\"894\" src=\"https:\/\/www.youtube.com\/embed\/ZoTy9NToH-Q?feature=oembed\" frameborder=\"0\" allow=\"accelerometer; autoplay; clipboard-write; encrypted-media; gyroscope; picture-in-picture; web-share\" referrerpolicy=\"strict-origin-when-cross-origin\" allowfullscreen><\/iframe><\/div>\r\n<\/div><\/figure>\r\n\n<p><strong>\u00c9tienne Dancosse &#8211; Directeur des activit\u00e9s commerciales de la Cidrerie Lacroix (Labatt \/ AB InBev)<\/strong><\/p>\n\n<p>\u00c9tienne a vu mon travail, m&rsquo;a contact\u00e9 et m&rsquo;a imm\u00e9diatement donn\u00e9 l&rsquo;opportunit\u00e9 de lancer sa toute nouvelle gamme de produits \u00e0 base de cidre de pomme sur le march\u00e9 qu\u00e9b\u00e9cois. C&rsquo;\u00e9tait l&rsquo;une de mes campagnes \u00e0 plus gros budget \u00e0 ce jour. Nous avons donc produit une campagne num\u00e9rique pour Cidre Lacroix comprenant la production de photos, la production de films, la gestion des m\u00e9dias sociaux, l&rsquo;achat de publicit\u00e9s en ligne, les relations publiques, la campagne d&rsquo;influence et bient\u00f4t un nouveau site Web.<\/p>\n<figure class=\"wp-block-embed is-type-video is-provider-youtube wp-block-embed-youtube wp-embed-aspect-16-9 wp-has-aspect-ratio\"><div class=\"wp-block-embed__wrapper\">\r\n<div class=\"x-resp-embed x-is-video x-is-youtube\"><iframe loading=\"lazy\" title=\"Soif de Pommes - Cidre Lacroix\" width=\"1590\" height=\"894\" src=\"https:\/\/www.youtube.com\/embed\/qNiSlgICDeY?feature=oembed\" frameborder=\"0\" allow=\"accelerometer; autoplay; clipboard-write; encrypted-media; gyroscope; picture-in-picture; web-share\" referrerpolicy=\"strict-origin-when-cross-origin\" allowfullscreen><\/iframe><\/div>\r\n<\/div><\/figure>\r\n\n<p>Jordan Lavery &#8211; Cofondateur, directeur, r\u00e9dacteur en chef chez Independant Studios<\/p>\n\n<p>Jordan m&rsquo;a aid\u00e9 \u00e0 conceptualiser ainsi qu&rsquo;\u00e0 d\u00e9velopper ma deuxi\u00e8me entreprise et soci\u00e9t\u00e9 s\u0153ur d&rsquo;AMJ Media, Independant Studios inc. Afin de donner vie \u00e0 mes campagnes num\u00e9riques pour mon agence, je devais \u00eatre capable de produire des films et des publicit\u00e9s de haute qualit\u00e9 pour mes clients. C&rsquo;est \u00e0 ce moment que Jordan est entr\u00e9 en jeu. Il m&rsquo;a enseign\u00e9 tout ce que j&rsquo;avais besoin de savoir sur la production de films, ajoutant ainsi une nouvelle comp\u00e9tence \u00e0 mon bagage. Il a cru en une vision que j&rsquo;avais deux ans auparavant et m&rsquo;a aid\u00e9 \u00e0 lui donner vie.<\/p>\n\n<figure class=\"wp-block-image size-large\"><img loading=\"lazy\" decoding=\"async\" width=\"1500\" height=\"938\" src=\"https:\/\/i2.wp.com\/www.amjmedia.com\/wp-content\/uploads\/2020\/03\/Jordan-Lavery-Independant-Studios.jpg?fit=1024%2C640&amp;ssl=1\" alt=\"\" class=\"wp-image-2096\" srcset=\"https:\/\/dreww.ca\/wp-content\/uploads\/2020\/03\/Jordan-Lavery-Independant-Studios.jpg 1500w, https:\/\/dreww.ca\/wp-content\/uploads\/2020\/03\/Jordan-Lavery-Independant-Studios-300x188.jpg 300w, https:\/\/dreww.ca\/wp-content\/uploads\/2020\/03\/Jordan-Lavery-Independant-Studios-1024x640.jpg 1024w, https:\/\/dreww.ca\/wp-content\/uploads\/2020\/03\/Jordan-Lavery-Independant-Studios-768x480.jpg 768w, https:\/\/dreww.ca\/wp-content\/uploads\/2020\/03\/Jordan-Lavery-Independant-Studios-100x63.jpg 100w, https:\/\/dreww.ca\/wp-content\/uploads\/2020\/03\/Jordan-Lavery-Independant-Studios-1200x750.jpg 1200w\" sizes=\"auto, (max-width: 1500px) 100vw, 1500px\" \/><figcaption>Jordan Lavery &#8211; Publicit\u00e9 de Bud Light<\/figcaption><\/figure>\n<p>Il y a plusieurs autres personnes qui ont cru en moi alors que beaucoup d&rsquo;autres non. Ceux qui ne figurent pas dans cette liste, vous savez qui vous \u00eates et je vous remercie de m&rsquo;avoir soutenu. \u00c0 de nombreuses autres ann\u00e9es de projets amusants, de succ\u00e8s et d&rsquo;amiti\u00e9s.<\/p>\n\n<p>Cheers &#x1f64f;&#x1f3fb;&#x1f680;<\/p>\n","protected":false},"excerpt":{"rendered":"<p>\u00c0 19 ans, j&rsquo;ai d\u00e9cid\u00e9 de renoncer \u00e0 une \u00e9ducation formelle. Contre la volont\u00e9 de mes parents et de mes amis proches, j&rsquo;ai abandonn\u00e9 mon programme de commerce au Coll\u00e8ge John Abbott pour poursuivre mes ambitions en marketing num\u00e9rique. Tout &#8230; <\/p>\n<div><a href=\"https:\/\/dreww.ca\/fr\/blog\/ma-nomination-dans-la-categorie-30-ans-et-moins-fut-un-travail-dequipe\/\" class=\"more-link\">Read More<\/a><\/div>\n","protected":false},"author":2,"featured_media":4543,"comment_status":"closed","ping_status":"closed","sticky":false,"template":"","format":"standard","meta":{"_acf_changed":false,"content-type":"","footnotes":""},"categories":[31,1],"tags":[],"class_list":["post-6624","post","type-post","status-publish","format-standard","has-post-thumbnail","hentry","category-non-classifiee","category-uncategorized"],"acf":[],"yoast_head":"<!-- This site is optimized with the Yoast SEO Premium plugin v18.2.1 (Yoast SEO v26.5) - https:\/\/yoast.com\/wordpress\/plugins\/seo\/ -->\n<title>Ma nomination dans la cat\u00e9gorie &quot;30 ans et moins&quot; fut un travail d&#039;\u00e9quipe - Dreww<\/title>\n<meta name=\"robots\" content=\"index, follow, max-snippet:-1, max-image-preview:large, max-video-preview:-1\" \/>\n<link rel=\"canonical\" href=\"https:\/\/dreww.ca\/fr\/blog\/ma-nomination-dans-la-categorie-30-ans-et-moins-fut-un-travail-dequipe\/\" \/>\n<meta property=\"og:locale\" content=\"fr_FR\" \/>\n<meta property=\"og:type\" content=\"article\" \/>\n<meta property=\"og:title\" content=\"Ma nomination dans la cat\u00e9gorie &quot;30 ans et moins&quot; fut un travail d&#039;\u00e9quipe\" \/>\n<meta property=\"og:description\" content=\"Tout au long de mon parcours, seulement quelques personnes ont cru en moi alors que je n&#039;avais pas grand-chose. Je voudrais donc prendre un moment pour les remercier de m&#039;avoir donn\u00e9 une chance de donner vie \u00e0 l&#039;une de mes id\u00e9es folles.\" \/>\n<meta property=\"og:url\" content=\"https:\/\/dreww.ca\/fr\/blog\/ma-nomination-dans-la-categorie-30-ans-et-moins-fut-un-travail-dequipe\/\" \/>\n<meta property=\"og:site_name\" content=\"DREWW\" \/>\n<meta property=\"article:publisher\" content=\"https:\/\/www.facebook.com\/dreww.agency\" \/>\n<meta property=\"article:published_time\" content=\"2020-03-11T18:33:19+00:00\" \/>\n<meta property=\"article:modified_time\" content=\"2021-03-10T19:34:00+00:00\" \/>\n<meta property=\"og:image\" content=\"https:\/\/dreww.ca\/wp-content\/uploads\/2020\/03\/Andrew-AMJ-30-under-30-infopresse-FB.jpg\" \/>\n<meta name=\"author\" content=\"Andrew Johnson\" \/>\n<meta name=\"twitter:card\" content=\"summary_large_image\" \/>\n<meta name=\"twitter:title\" content=\"Ma nomination dans la cat\u00e9gorie &quot;30 ans et moins&quot; fut un travail d&#039;\u00e9quipe\" \/>\n<meta name=\"twitter:creator\" content=\"@dreww_agency\" \/>\n<meta name=\"twitter:site\" content=\"@dreww_agency\" \/>\n<meta name=\"twitter:label1\" content=\"\u00c9crit par\" \/>\n\t<meta name=\"twitter:data1\" content=\"Andrew Johnson\" \/>\n\t<meta name=\"twitter:label2\" content=\"Dur\u00e9e de lecture estim\u00e9e\" \/>\n\t<meta name=\"twitter:data2\" content=\"6 minutes\" \/>\n<script type=\"application\/ld+json\" class=\"yoast-schema-graph\">{\"@context\":\"https:\/\/schema.org\",\"@graph\":[{\"@type\":\"Article\",\"@id\":\"https:\/\/dreww.ca\/fr\/blog\/ma-nomination-dans-la-categorie-30-ans-et-moins-fut-un-travail-dequipe\/#article\",\"isPartOf\":{\"@id\":\"https:\/\/dreww.ca\/fr\/blog\/ma-nomination-dans-la-categorie-30-ans-et-moins-fut-un-travail-dequipe\/\"},\"author\":{\"name\":\"Andrew Johnson\",\"@id\":\"https:\/\/dreww.ca\/fr\/#\/schema\/person\/f221e35d5b6b3cd5cc15c2b307611ae8\"},\"headline\":\"Ma nomination dans la cat\u00e9gorie \u00ab\u00a030 ans et moins\u00a0\u00bb fut un travail d&rsquo;\u00e9quipe\",\"datePublished\":\"2020-03-11T18:33:19+00:00\",\"dateModified\":\"2021-03-10T19:34:00+00:00\",\"mainEntityOfPage\":{\"@id\":\"https:\/\/dreww.ca\/fr\/blog\/ma-nomination-dans-la-categorie-30-ans-et-moins-fut-un-travail-dequipe\/\"},\"wordCount\":1247,\"publisher\":{\"@id\":\"https:\/\/dreww.ca\/fr\/#organization\"},\"image\":{\"@id\":\"https:\/\/dreww.ca\/fr\/blog\/ma-nomination-dans-la-categorie-30-ans-et-moins-fut-un-travail-dequipe\/#primaryimage\"},\"thumbnailUrl\":\"https:\/\/dreww.ca\/wp-content\/uploads\/2020\/03\/Andrew-AMJ-30-under-30-infopresse-1.jpg\",\"articleSection\":[\"Non classifi\u00e9(e)\",\"Uncategorized\"],\"inLanguage\":\"fr-FR\"},{\"@type\":\"WebPage\",\"@id\":\"https:\/\/dreww.ca\/fr\/blog\/ma-nomination-dans-la-categorie-30-ans-et-moins-fut-un-travail-dequipe\/\",\"url\":\"https:\/\/dreww.ca\/fr\/blog\/ma-nomination-dans-la-categorie-30-ans-et-moins-fut-un-travail-dequipe\/\",\"name\":\"Ma nomination dans la cat\u00e9gorie \\\"30 ans et moins\\\" fut un travail d'\u00e9quipe - Dreww\",\"isPartOf\":{\"@id\":\"https:\/\/dreww.ca\/fr\/#website\"},\"primaryImageOfPage\":{\"@id\":\"https:\/\/dreww.ca\/fr\/blog\/ma-nomination-dans-la-categorie-30-ans-et-moins-fut-un-travail-dequipe\/#primaryimage\"},\"image\":{\"@id\":\"https:\/\/dreww.ca\/fr\/blog\/ma-nomination-dans-la-categorie-30-ans-et-moins-fut-un-travail-dequipe\/#primaryimage\"},\"thumbnailUrl\":\"https:\/\/dreww.ca\/wp-content\/uploads\/2020\/03\/Andrew-AMJ-30-under-30-infopresse-1.jpg\",\"datePublished\":\"2020-03-11T18:33:19+00:00\",\"dateModified\":\"2021-03-10T19:34:00+00:00\",\"breadcrumb\":{\"@id\":\"https:\/\/dreww.ca\/fr\/blog\/ma-nomination-dans-la-categorie-30-ans-et-moins-fut-un-travail-dequipe\/#breadcrumb\"},\"inLanguage\":\"fr-FR\",\"potentialAction\":[{\"@type\":\"ReadAction\",\"target\":[\"https:\/\/dreww.ca\/fr\/blog\/ma-nomination-dans-la-categorie-30-ans-et-moins-fut-un-travail-dequipe\/\"]}]},{\"@type\":\"ImageObject\",\"inLanguage\":\"fr-FR\",\"@id\":\"https:\/\/dreww.ca\/fr\/blog\/ma-nomination-dans-la-categorie-30-ans-et-moins-fut-un-travail-dequipe\/#primaryimage\",\"url\":\"https:\/\/dreww.ca\/wp-content\/uploads\/2020\/03\/Andrew-AMJ-30-under-30-infopresse-1.jpg\",\"contentUrl\":\"https:\/\/dreww.ca\/wp-content\/uploads\/2020\/03\/Andrew-AMJ-30-under-30-infopresse-1.jpg\",\"width\":1800,\"height\":1125},{\"@type\":\"BreadcrumbList\",\"@id\":\"https:\/\/dreww.ca\/fr\/blog\/ma-nomination-dans-la-categorie-30-ans-et-moins-fut-un-travail-dequipe\/#breadcrumb\",\"itemListElement\":[{\"@type\":\"ListItem\",\"position\":1,\"name\":\"Home\",\"item\":\"https:\/\/dreww.ca\/fr\/\"},{\"@type\":\"ListItem\",\"position\":2,\"name\":\"Ma nomination dans la cat\u00e9gorie \u00ab\u00a030 ans et moins\u00a0\u00bb fut un travail d&rsquo;\u00e9quipe\"}]},{\"@type\":\"WebSite\",\"@id\":\"https:\/\/dreww.ca\/fr\/#website\",\"url\":\"https:\/\/dreww.ca\/fr\/\",\"name\":\"DREWW\",\"description\":\"Full-service digital advertising agency + production studio\",\"publisher\":{\"@id\":\"https:\/\/dreww.ca\/fr\/#organization\"},\"potentialAction\":[{\"@type\":\"SearchAction\",\"target\":{\"@type\":\"EntryPoint\",\"urlTemplate\":\"https:\/\/dreww.ca\/fr\/?s={search_term_string}\"},\"query-input\":{\"@type\":\"PropertyValueSpecification\",\"valueRequired\":true,\"valueName\":\"search_term_string\"}}],\"inLanguage\":\"fr-FR\"},{\"@type\":\"Organization\",\"@id\":\"https:\/\/dreww.ca\/fr\/#organization\",\"name\":\"Dreww\",\"url\":\"https:\/\/dreww.ca\/fr\/\",\"logo\":{\"@type\":\"ImageObject\",\"inLanguage\":\"fr-FR\",\"@id\":\"https:\/\/dreww.ca\/fr\/#\/schema\/logo\/image\/\",\"url\":\"https:\/\/dreww.ca\/wp-content\/uploads\/2021\/01\/dreww_logo_icon_burgundy.png\",\"contentUrl\":\"https:\/\/dreww.ca\/wp-content\/uploads\/2021\/01\/dreww_logo_icon_burgundy.png\",\"width\":1000,\"height\":1000,\"caption\":\"Dreww\"},\"image\":{\"@id\":\"https:\/\/dreww.ca\/fr\/#\/schema\/logo\/image\/\"},\"sameAs\":[\"https:\/\/www.facebook.com\/dreww.agency\",\"https:\/\/x.com\/dreww_agency\",\"https:\/\/www.instagram.com\/dreww\/\",\"https:\/\/www.youtube.com\/channel\/UCsHMxWoJuOGG5K_vmsRHv2A\"]},{\"@type\":\"Person\",\"@id\":\"https:\/\/dreww.ca\/fr\/#\/schema\/person\/f221e35d5b6b3cd5cc15c2b307611ae8\",\"name\":\"Andrew Johnson\",\"image\":{\"@type\":\"ImageObject\",\"inLanguage\":\"fr-FR\",\"@id\":\"https:\/\/dreww.ca\/fr\/#\/schema\/person\/image\/\",\"url\":\"https:\/\/secure.gravatar.com\/avatar\/f6e93214cb7b353907f576e737fb5bd6cb2bc781539aef7a3833bae303baa132?s=96&d=mm&r=g\",\"contentUrl\":\"https:\/\/secure.gravatar.com\/avatar\/f6e93214cb7b353907f576e737fb5bd6cb2bc781539aef7a3833bae303baa132?s=96&d=mm&r=g\",\"caption\":\"Andrew Johnson\"},\"description\":\"President and co-founder of Dreww.\",\"sameAs\":[\"https:\/\/www.instagram.com\/andrewamj\/\"]}]}<\/script>\n<!-- \/ Yoast SEO Premium plugin. -->","yoast_head_json":{"title":"Ma nomination dans la cat\u00e9gorie \"30 ans et moins\" fut un travail d'\u00e9quipe - Dreww","robots":{"index":"index","follow":"follow","max-snippet":"max-snippet:-1","max-image-preview":"max-image-preview:large","max-video-preview":"max-video-preview:-1"},"canonical":"https:\/\/dreww.ca\/fr\/blog\/ma-nomination-dans-la-categorie-30-ans-et-moins-fut-un-travail-dequipe\/","og_locale":"fr_FR","og_type":"article","og_title":"Ma nomination dans la cat\u00e9gorie \"30 ans et moins\" fut un travail d'\u00e9quipe","og_description":"Tout au long de mon parcours, seulement quelques personnes ont cru en moi alors que je n'avais pas grand-chose. Je voudrais donc prendre un moment pour les remercier de m'avoir donn\u00e9 une chance de donner vie \u00e0 l'une de mes id\u00e9es folles.","og_url":"https:\/\/dreww.ca\/fr\/blog\/ma-nomination-dans-la-categorie-30-ans-et-moins-fut-un-travail-dequipe\/","og_site_name":"DREWW","article_publisher":"https:\/\/www.facebook.com\/dreww.agency","article_published_time":"2020-03-11T18:33:19+00:00","article_modified_time":"2021-03-10T19:34:00+00:00","og_image":[{"url":"https:\/\/dreww.ca\/wp-content\/uploads\/2020\/03\/Andrew-AMJ-30-under-30-infopresse-FB.jpg","type":"","width":"","height":""}],"author":"Andrew Johnson","twitter_card":"summary_large_image","twitter_title":"Ma nomination dans la cat\u00e9gorie \"30 ans et moins\" fut un travail d'\u00e9quipe","twitter_creator":"@dreww_agency","twitter_site":"@dreww_agency","twitter_misc":{"\u00c9crit par":"Andrew Johnson","Dur\u00e9e de lecture estim\u00e9e":"6 minutes"},"schema":{"@context":"https:\/\/schema.org","@graph":[{"@type":"Article","@id":"https:\/\/dreww.ca\/fr\/blog\/ma-nomination-dans-la-categorie-30-ans-et-moins-fut-un-travail-dequipe\/#article","isPartOf":{"@id":"https:\/\/dreww.ca\/fr\/blog\/ma-nomination-dans-la-categorie-30-ans-et-moins-fut-un-travail-dequipe\/"},"author":{"name":"Andrew Johnson","@id":"https:\/\/dreww.ca\/fr\/#\/schema\/person\/f221e35d5b6b3cd5cc15c2b307611ae8"},"headline":"Ma nomination dans la cat\u00e9gorie \u00ab\u00a030 ans et moins\u00a0\u00bb fut un travail d&rsquo;\u00e9quipe","datePublished":"2020-03-11T18:33:19+00:00","dateModified":"2021-03-10T19:34:00+00:00","mainEntityOfPage":{"@id":"https:\/\/dreww.ca\/fr\/blog\/ma-nomination-dans-la-categorie-30-ans-et-moins-fut-un-travail-dequipe\/"},"wordCount":1247,"publisher":{"@id":"https:\/\/dreww.ca\/fr\/#organization"},"image":{"@id":"https:\/\/dreww.ca\/fr\/blog\/ma-nomination-dans-la-categorie-30-ans-et-moins-fut-un-travail-dequipe\/#primaryimage"},"thumbnailUrl":"https:\/\/dreww.ca\/wp-content\/uploads\/2020\/03\/Andrew-AMJ-30-under-30-infopresse-1.jpg","articleSection":["Non classifi\u00e9(e)","Uncategorized"],"inLanguage":"fr-FR"},{"@type":"WebPage","@id":"https:\/\/dreww.ca\/fr\/blog\/ma-nomination-dans-la-categorie-30-ans-et-moins-fut-un-travail-dequipe\/","url":"https:\/\/dreww.ca\/fr\/blog\/ma-nomination-dans-la-categorie-30-ans-et-moins-fut-un-travail-dequipe\/","name":"Ma nomination dans la cat\u00e9gorie \"30 ans et moins\" fut un travail d'\u00e9quipe - Dreww","isPartOf":{"@id":"https:\/\/dreww.ca\/fr\/#website"},"primaryImageOfPage":{"@id":"https:\/\/dreww.ca\/fr\/blog\/ma-nomination-dans-la-categorie-30-ans-et-moins-fut-un-travail-dequipe\/#primaryimage"},"image":{"@id":"https:\/\/dreww.ca\/fr\/blog\/ma-nomination-dans-la-categorie-30-ans-et-moins-fut-un-travail-dequipe\/#primaryimage"},"thumbnailUrl":"https:\/\/dreww.ca\/wp-content\/uploads\/2020\/03\/Andrew-AMJ-30-under-30-infopresse-1.jpg","datePublished":"2020-03-11T18:33:19+00:00","dateModified":"2021-03-10T19:34:00+00:00","breadcrumb":{"@id":"https:\/\/dreww.ca\/fr\/blog\/ma-nomination-dans-la-categorie-30-ans-et-moins-fut-un-travail-dequipe\/#breadcrumb"},"inLanguage":"fr-FR","potentialAction":[{"@type":"ReadAction","target":["https:\/\/dreww.ca\/fr\/blog\/ma-nomination-dans-la-categorie-30-ans-et-moins-fut-un-travail-dequipe\/"]}]},{"@type":"ImageObject","inLanguage":"fr-FR","@id":"https:\/\/dreww.ca\/fr\/blog\/ma-nomination-dans-la-categorie-30-ans-et-moins-fut-un-travail-dequipe\/#primaryimage","url":"https:\/\/dreww.ca\/wp-content\/uploads\/2020\/03\/Andrew-AMJ-30-under-30-infopresse-1.jpg","contentUrl":"https:\/\/dreww.ca\/wp-content\/uploads\/2020\/03\/Andrew-AMJ-30-under-30-infopresse-1.jpg","width":1800,"height":1125},{"@type":"BreadcrumbList","@id":"https:\/\/dreww.ca\/fr\/blog\/ma-nomination-dans-la-categorie-30-ans-et-moins-fut-un-travail-dequipe\/#breadcrumb","itemListElement":[{"@type":"ListItem","position":1,"name":"Home","item":"https:\/\/dreww.ca\/fr\/"},{"@type":"ListItem","position":2,"name":"Ma nomination dans la cat\u00e9gorie \u00ab\u00a030 ans et moins\u00a0\u00bb fut un travail d&rsquo;\u00e9quipe"}]},{"@type":"WebSite","@id":"https:\/\/dreww.ca\/fr\/#website","url":"https:\/\/dreww.ca\/fr\/","name":"DREWW","description":"Full-service digital advertising agency + production studio","publisher":{"@id":"https:\/\/dreww.ca\/fr\/#organization"},"potentialAction":[{"@type":"SearchAction","target":{"@type":"EntryPoint","urlTemplate":"https:\/\/dreww.ca\/fr\/?s={search_term_string}"},"query-input":{"@type":"PropertyValueSpecification","valueRequired":true,"valueName":"search_term_string"}}],"inLanguage":"fr-FR"},{"@type":"Organization","@id":"https:\/\/dreww.ca\/fr\/#organization","name":"Dreww","url":"https:\/\/dreww.ca\/fr\/","logo":{"@type":"ImageObject","inLanguage":"fr-FR","@id":"https:\/\/dreww.ca\/fr\/#\/schema\/logo\/image\/","url":"https:\/\/dreww.ca\/wp-content\/uploads\/2021\/01\/dreww_logo_icon_burgundy.png","contentUrl":"https:\/\/dreww.ca\/wp-content\/uploads\/2021\/01\/dreww_logo_icon_burgundy.png","width":1000,"height":1000,"caption":"Dreww"},"image":{"@id":"https:\/\/dreww.ca\/fr\/#\/schema\/logo\/image\/"},"sameAs":["https:\/\/www.facebook.com\/dreww.agency","https:\/\/x.com\/dreww_agency","https:\/\/www.instagram.com\/dreww\/","https:\/\/www.youtube.com\/channel\/UCsHMxWoJuOGG5K_vmsRHv2A"]},{"@type":"Person","@id":"https:\/\/dreww.ca\/fr\/#\/schema\/person\/f221e35d5b6b3cd5cc15c2b307611ae8","name":"Andrew Johnson","image":{"@type":"ImageObject","inLanguage":"fr-FR","@id":"https:\/\/dreww.ca\/fr\/#\/schema\/person\/image\/","url":"https:\/\/secure.gravatar.com\/avatar\/f6e93214cb7b353907f576e737fb5bd6cb2bc781539aef7a3833bae303baa132?s=96&d=mm&r=g","contentUrl":"https:\/\/secure.gravatar.com\/avatar\/f6e93214cb7b353907f576e737fb5bd6cb2bc781539aef7a3833bae303baa132?s=96&d=mm&r=g","caption":"Andrew Johnson"},"description":"President and co-founder of Dreww.","sameAs":["https:\/\/www.instagram.com\/andrewamj\/"]}]}},"jetpack_featured_media_url":"https:\/\/dreww.ca\/wp-content\/uploads\/2020\/03\/Andrew-AMJ-30-under-30-infopresse-1.jpg","_links":{"self":[{"href":"https:\/\/dreww.ca\/fr\/wp-json\/wp\/v2\/posts\/6624","targetHints":{"allow":["GET"]}}],"collection":[{"href":"https:\/\/dreww.ca\/fr\/wp-json\/wp\/v2\/posts"}],"about":[{"href":"https:\/\/dreww.ca\/fr\/wp-json\/wp\/v2\/types\/post"}],"author":[{"embeddable":true,"href":"https:\/\/dreww.ca\/fr\/wp-json\/wp\/v2\/users\/2"}],"replies":[{"embeddable":true,"href":"https:\/\/dreww.ca\/fr\/wp-json\/wp\/v2\/comments?post=6624"}],"version-history":[{"count":0,"href":"https:\/\/dreww.ca\/fr\/wp-json\/wp\/v2\/posts\/6624\/revisions"}],"wp:featuredmedia":[{"embeddable":true,"href":"https:\/\/dreww.ca\/fr\/wp-json\/wp\/v2\/media\/4543"}],"wp:attachment":[{"href":"https:\/\/dreww.ca\/fr\/wp-json\/wp\/v2\/media?parent=6624"}],"wp:term":[{"taxonomy":"category","embeddable":true,"href":"https:\/\/dreww.ca\/fr\/wp-json\/wp\/v2\/categories?post=6624"},{"taxonomy":"post_tag","embeddable":true,"href":"https:\/\/dreww.ca\/fr\/wp-json\/wp\/v2\/tags?post=6624"}],"curies":[{"name":"wp","href":"https:\/\/api.w.org\/{rel}","templated":true}]}}