{"id":10209,"date":"2022-01-17T14:19:22","date_gmt":"2022-01-17T19:19:22","guid":{"rendered":"https:\/\/dreww.ca\/?p=10209"},"modified":"2023-08-11T17:59:12","modified_gmt":"2023-08-11T21:59:12","slug":"double-promotion-at-dreww-for-olivia-rijntjes-and-clothilde-fortin","status":"publish","type":"press-releases","link":"https:\/\/dreww.ca\/fr\/communiques-de-presse\/double-promotion-at-dreww-for-olivia-rijntjes-and-clothilde-fortin\/","title":{"rendered":"Double promotion chez Dreww pour Olivia Rijntjes et Clothilde Fortin"},"content":{"rendered":"\n<p>L\u2019ann\u00e9e 2021 fut des plus prosp\u00e8res pour <a href=\"https:\/\/dreww.ca\/fr\/\">Dreww<\/a>, une agence de publicit\u00e9 num\u00e9rique et un studio de production multidisciplinaire. Son importante croissance sur le plan national est en grande partie due \u00e0 ses talents exceptionnels acquis depuis le d\u00e9but de l\u2019ann\u00e9e. Parmi sa petite \u00e9quipe en pleine expansion, deux employ\u00e9es se sont d\u00e9marqu\u00e9es et se voient accorder des promotions question de d\u00e9buter 2022 en force. Olivia Rijntjes devient Gestionnaire de projets num\u00e9riques s\u00e9nior, alors que Clothilde Fortin devient Gestionnaire s\u00e9nior des m\u00e9dias sociaux.\u00a0<\/p>\n\n\n\n<p>\u00ab <em>Les 12 derniers mois ont \u00e9t\u00e9 extraordinaires pour nous. Le 19 janvier 2021, nous avons lanc\u00e9 la marque Dreww et sommes entr\u00e9s dans une phase de croissance exponentielle que nous n&rsquo;aurions pas \u00e9t\u00e9 en mesure de soutenir sans notre formidable \u00e9quipe de natifs du num\u00e9rique. Olivia et Clothilde ont jou\u00e9 un r\u00f4le crucial dans le maintien de la qualit\u00e9 du travail que nous produisons pour nos diff\u00e9rents clients et nous les avons vues entreprendre de nouvelles t\u00e2ches et acqu\u00e9rir de nombreuses nouvelles comp\u00e9tences. \u00c9tant donn\u00e9 que, nous commen\u00e7ons 2022 avec une vague d&#8217;embauches, il \u00e9tait important pour nous de les \u00e9tablir en tant que membres s\u00e9niors de notre \u00e9quipe vers lesquels nos nouvelles recrues pourront se tourner pour obtenir de pr\u00e9cieux conseils et du mentorat<\/em>. \u00bb &#8211; <a href=\"https:\/\/dreww.ca\/fr\/equipe\/andrew-johnson\/\">Andrew Johnson<\/a>, PDG de Dreww.<\/p>\n\n\n\n<p><a href=\"https:\/\/dreww.ca\/fr\/equipe\/olivia-rijntjes\/\">Olivia Rijntjes<\/a> est promue au titre de Gestionnaire de projets num\u00e9riques s\u00e9nior. Reconnue pour son travail de qualit\u00e9, Olivia a assur\u00e9ment su se surpasser depuis son embauche, en mai 2021. Organis\u00e9e et \u00e0 l\u2019\u00e9coute, elle a r\u00e9alis\u00e9 et produit bon nombre de projets au cours des derniers mois. Entre autres, elle se d\u00e9marqua par sa contribution \u00e0 la production photo pour le lancement des <a href=\"https:\/\/dreww.ca\/fr\/projet\/maille-mayo-photo-production\/\">toutes nouvelles mayonnaises de Dijon sign\u00e9es Maille<\/a>, pour <a href=\"https:\/\/dreww.ca\/fr\/projet\/production-photo-pour-slice-gang\/\">sa production photo pour Slice Gang<\/a>, et son constant d\u00e9vouement pour le<a href=\"https:\/\/dreww.ca\/fr\/projet\/the-great-gentleman-mixologist-of-the-moment-campaign\/\"> projet portant sur les mixologues<\/a> les plus populaires de Montr\u00e9al, en collaboration avec The Great Gentleman. Olivia a aussi \u00e9labor\u00e9 et ex\u00e9cut\u00e9 de nombreuses campagnes d&rsquo;influence au cours des derniers mois, telles que la campagne pour la nouvelle mayonnaise de Dijon de Maille, la campagne BBQ de Maille, la campagne pour le nouveau Spritz de St. Regis, et bien d\u2019autres.\u00a0 D\u00e9sormais experte dans la gestion des campagnes d&rsquo;influence, elle supervisera l&rsquo;ensemble de ces mandats en 2022.<\/p>\n\n\n\n<p>\u00ab <em>M\u00eame si Olivia a rejoint notre \u00e9quipe il y a moins d\u2019un an, nous avons l&rsquo;impression qu&rsquo;elle est avec nous depuis bien plus longtemps. Elle a une connaissance approfondie du fonctionnement de l&rsquo;agence et repr\u00e9sente un grand atout pour notre entreprise. De la gestion des m\u00e9dias sociaux \u00e0 l&rsquo;achat de m\u00e9dias num\u00e9riques, en passant par les campagnes d&rsquo;influence et les pitchs de vente, Olivia fait preuve d&rsquo;une volont\u00e9 d&rsquo;apprendre et de relever des d\u00e9fis de plus en plus importants. Aujourd&rsquo;hui, nous lui faisons confiance pour g\u00e9rer ses projets avec peu de supervision, et c\u2019est pour cette raison que nous la promouvons au poste de gestionnaire de projets num\u00e9riques s\u00e9nior.<\/em> \u00bb &#8211; <a href=\"https:\/\/dreww.ca\/fr\/equipe\/ann-stephanie-dumont\/\">Ann-St\u00e9phanie Dumont<\/a>, Vice-Pr\u00e9sidente chez Dreww.\u00a0<\/p>\n\n\n\n<p>De son c\u00f4t\u00e9, <a href=\"https:\/\/dreww.ca\/fr\/equipe\/clothilde-fortin\/\">Clothilde Fortin<\/a> acc\u00e8de au poste de Gestionnaire s\u00e9nior des m\u00e9dias sociaux. Depuis son arriv\u00e9e en janvier 2021, elle a su progresser rapidement au sein de l\u2019\u00e9quipe. Experte de la planification de calendrier de contenu et des tendances r\u00e9seaux sociaux, elle se verra agir comme un mentor pour les nouveaux gestionnaires de m\u00e9dias sociaux et gestionnaires de communaut\u00e9s. Attentionn\u00e9e et \u00e0 l\u2019\u00e9coute de ses clients, Clothilde utilise constamment sa cr\u00e9ativit\u00e9 dans tous ses projets. Elle a ainsi produit de nombreuses productions photos. Parmi celles-ci se retrouvent : de nombreuses productions photos pour <a href=\"https:\/\/dreww.ca\/fr\/projet\/production-photo-pour-cidre-lacroix\/\">la Cidrerie Lacroix<\/a> et pour <a href=\"https:\/\/dreww.ca\/fr\/projet\/production-photo-des-fetes-pour-cirka-distilleries\/\">la distillerie montr\u00e9alaise CIRKA<\/a>, une production photo mettant en vedette <a href=\"https:\/\/dreww.ca\/fr\/projet\/production-photo-des-fetes-pour-archibald\/\">les bi\u00e8res Archibald sous le th\u00e8me de No\u00ebl<\/a>, et bien d\u2019autres.\u00a0<\/p>\n\n\n\n<p>\u00ab<em> Clothilde fait partie de l&rsquo;\u00e9quipe Dreww depuis maintenant 12 mois. Elle \u00e9tait quatri\u00e8me employ\u00e9e chez Dreww et fut responsable de la recommandation de plusieurs nouveaux employ\u00e9s \u00e0 Andrew et moi lorsque nous \u00e9tions en processus d&#8217;embauche. Sa m\u00e9ticulosit\u00e9 et son esprit artistique lui permettent de se surpasser lorsqu&rsquo;elle g\u00e8re les comptes de m\u00e9dias sociaux et les calendriers de contenu de nos clients. Bien qu&rsquo;elle n&rsquo;avait aucune exp\u00e9rience en agence lors de son embauche, nous pouvons maintenant dire qu&rsquo;elle est une gestionnaire de m\u00e9dias sociaux hors pair. C&rsquo;est pour cette raison que nous la promouvons au poste de gestionnaire de m\u00e9dias sociaux s\u00e9nior.<\/em> \u00bb &#8211; Ann-St\u00e9phanie Dumont, vice-pr\u00e9sidente chez Dreww.\u00a0<\/p>\n\n\n\n<p><strong>\u00c0 propos de Dreww<\/strong><\/p>\n\n\n\n<p>Dreww est une agence de publicit\u00e9 num\u00e9rique et un studio de production multidisciplinaire. C\u2019est un collectif de natifs du num\u00e9rique, travaillant tous ensemble afin de propulser des marques en ligne.<\/p>\n\n\n\n<figure class=\"wp-block-embed is-type-video is-provider-youtube wp-block-embed-youtube wp-embed-aspect-16-9 wp-has-aspect-ratio\"><div class=\"wp-block-embed__wrapper\">\n<div class=\"x-resp-embed x-is-video x-is-youtube\"><iframe loading=\"lazy\" title=\"Dreww \u2013 Meet the Advertising Agency of the Future, Today\" width=\"1590\" height=\"894\" src=\"https:\/\/www.youtube.com\/embed\/a3XC091bAFE?feature=oembed\" frameborder=\"0\" allow=\"accelerometer; autoplay; clipboard-write; encrypted-media; gyroscope; picture-in-picture; web-share\" referrerpolicy=\"strict-origin-when-cross-origin\" allowfullscreen><\/iframe><\/div>\n<\/div><\/figure>\n","protected":false},"featured_media":10210,"template":"","meta":{"_acf_changed":false,"content-type":""},"class_list":["post-10209","press-releases","type-press-releases","status-publish","has-post-thumbnail","hentry"],"acf":[],"yoast_head":"<!-- This site is optimized with the Yoast SEO Premium plugin v18.2.1 (Yoast SEO v26.5) - https:\/\/yoast.com\/wordpress\/plugins\/seo\/ -->\n<title>Double promotion chez Dreww pour Olivia Rijntjes et Clothilde Fortin &#8212; DREWW<\/title>\n<meta name=\"description\" content=\"Olivia Rijntjes devient gestionnaire de projets num\u00e9riques s\u00e9nior, alors que Clothilde Fortin devient gestionnaire s\u00e9nior des m\u00e9dias sociaux.\u00a0\" \/>\n<meta name=\"robots\" content=\"index, follow, max-snippet:-1, max-image-preview:large, max-video-preview:-1\" \/>\n<link rel=\"canonical\" href=\"https:\/\/dreww.ca\/fr\/communiques-de-presse\/double-promotion-at-dreww-for-olivia-rijntjes-and-clothilde-fortin\/\" \/>\n<meta property=\"og:locale\" content=\"fr_FR\" \/>\n<meta property=\"og:type\" content=\"article\" \/>\n<meta property=\"og:title\" content=\"Double promotion chez Dreww pour Olivia Rijntjes et Clothilde Fortin\" \/>\n<meta property=\"og:description\" content=\"Olivia Rijntjes devient gestionnaire de projets num\u00e9riques s\u00e9nior, alors que Clothilde Fortin devient gestionnaire s\u00e9nior des m\u00e9dias sociaux.\u00a0\" \/>\n<meta property=\"og:url\" content=\"https:\/\/dreww.ca\/fr\/communiques-de-presse\/double-promotion-at-dreww-for-olivia-rijntjes-and-clothilde-fortin\/\" \/>\n<meta property=\"og:site_name\" content=\"DREWW\" \/>\n<meta property=\"article:publisher\" content=\"https:\/\/www.facebook.com\/dreww.agency\" \/>\n<meta property=\"article:modified_time\" content=\"2023-08-11T21:59:12+00:00\" \/>\n<meta property=\"og:image\" content=\"https:\/\/dreww.ca\/wp-content\/uploads\/2022\/01\/oli-clo.jpg\" \/>\n\t<meta property=\"og:image:width\" content=\"1200\" \/>\n\t<meta property=\"og:image:height\" content=\"630\" \/>\n\t<meta property=\"og:image:type\" content=\"image\/jpeg\" \/>\n<meta name=\"twitter:card\" content=\"summary_large_image\" \/>\n<meta name=\"twitter:title\" content=\"Double promotion chez Dreww pour Olivia Rijntjes et Clothilde Fortin\" \/>\n<meta name=\"twitter:site\" content=\"@dreww_agency\" \/>\n<meta name=\"twitter:label1\" content=\"Dur\u00e9e de lecture estim\u00e9e\" \/>\n\t<meta name=\"twitter:data1\" content=\"4 minutes\" \/>\n<script type=\"application\/ld+json\" class=\"yoast-schema-graph\">{\"@context\":\"https:\/\/schema.org\",\"@graph\":[{\"@type\":\"WebPage\",\"@id\":\"https:\/\/dreww.ca\/fr\/communiques-de-presse\/double-promotion-at-dreww-for-olivia-rijntjes-and-clothilde-fortin\/\",\"url\":\"https:\/\/dreww.ca\/fr\/communiques-de-presse\/double-promotion-at-dreww-for-olivia-rijntjes-and-clothilde-fortin\/\",\"name\":\"Double promotion chez Dreww pour Olivia Rijntjes et Clothilde Fortin &#8212; DREWW\",\"isPartOf\":{\"@id\":\"https:\/\/dreww.ca\/fr\/#website\"},\"primaryImageOfPage\":{\"@id\":\"https:\/\/dreww.ca\/fr\/communiques-de-presse\/double-promotion-at-dreww-for-olivia-rijntjes-and-clothilde-fortin\/#primaryimage\"},\"image\":{\"@id\":\"https:\/\/dreww.ca\/fr\/communiques-de-presse\/double-promotion-at-dreww-for-olivia-rijntjes-and-clothilde-fortin\/#primaryimage\"},\"thumbnailUrl\":\"https:\/\/dreww.ca\/wp-content\/uploads\/2022\/01\/olivclo_adjusted-1.jpg\",\"datePublished\":\"2022-01-17T19:19:22+00:00\",\"dateModified\":\"2023-08-11T21:59:12+00:00\",\"description\":\"Olivia Rijntjes devient gestionnaire de projets num\u00e9riques s\u00e9nior, alors que Clothilde Fortin devient gestionnaire s\u00e9nior des m\u00e9dias sociaux.\u00a0\",\"breadcrumb\":{\"@id\":\"https:\/\/dreww.ca\/fr\/communiques-de-presse\/double-promotion-at-dreww-for-olivia-rijntjes-and-clothilde-fortin\/#breadcrumb\"},\"inLanguage\":\"fr-FR\",\"potentialAction\":[{\"@type\":\"ReadAction\",\"target\":[\"https:\/\/dreww.ca\/fr\/communiques-de-presse\/double-promotion-at-dreww-for-olivia-rijntjes-and-clothilde-fortin\/\"]}]},{\"@type\":\"ImageObject\",\"inLanguage\":\"fr-FR\",\"@id\":\"https:\/\/dreww.ca\/fr\/communiques-de-presse\/double-promotion-at-dreww-for-olivia-rijntjes-and-clothilde-fortin\/#primaryimage\",\"url\":\"https:\/\/dreww.ca\/wp-content\/uploads\/2022\/01\/olivclo_adjusted-1.jpg\",\"contentUrl\":\"https:\/\/dreww.ca\/wp-content\/uploads\/2022\/01\/olivclo_adjusted-1.jpg\",\"width\":1440,\"height\":900},{\"@type\":\"BreadcrumbList\",\"@id\":\"https:\/\/dreww.ca\/fr\/communiques-de-presse\/double-promotion-at-dreww-for-olivia-rijntjes-and-clothilde-fortin\/#breadcrumb\",\"itemListElement\":[{\"@type\":\"ListItem\",\"position\":1,\"name\":\"Home\",\"item\":\"https:\/\/dreww.ca\/fr\/\"},{\"@type\":\"ListItem\",\"position\":2,\"name\":\"Press Releases\",\"item\":\"https:\/\/dreww.ca\/fr\/communiques-de-presse\/\"},{\"@type\":\"ListItem\",\"position\":3,\"name\":\"Double promotion chez Dreww pour Olivia Rijntjes et Clothilde Fortin\"}]},{\"@type\":\"WebSite\",\"@id\":\"https:\/\/dreww.ca\/fr\/#website\",\"url\":\"https:\/\/dreww.ca\/fr\/\",\"name\":\"DREWW\",\"description\":\"Full-service digital advertising agency + production studio\",\"publisher\":{\"@id\":\"https:\/\/dreww.ca\/fr\/#organization\"},\"potentialAction\":[{\"@type\":\"SearchAction\",\"target\":{\"@type\":\"EntryPoint\",\"urlTemplate\":\"https:\/\/dreww.ca\/fr\/?s={search_term_string}\"},\"query-input\":{\"@type\":\"PropertyValueSpecification\",\"valueRequired\":true,\"valueName\":\"search_term_string\"}}],\"inLanguage\":\"fr-FR\"},{\"@type\":\"Organization\",\"@id\":\"https:\/\/dreww.ca\/fr\/#organization\",\"name\":\"Dreww\",\"url\":\"https:\/\/dreww.ca\/fr\/\",\"logo\":{\"@type\":\"ImageObject\",\"inLanguage\":\"fr-FR\",\"@id\":\"https:\/\/dreww.ca\/fr\/#\/schema\/logo\/image\/\",\"url\":\"https:\/\/dreww.ca\/wp-content\/uploads\/2021\/01\/dreww_logo_icon_burgundy.png\",\"contentUrl\":\"https:\/\/dreww.ca\/wp-content\/uploads\/2021\/01\/dreww_logo_icon_burgundy.png\",\"width\":1000,\"height\":1000,\"caption\":\"Dreww\"},\"image\":{\"@id\":\"https:\/\/dreww.ca\/fr\/#\/schema\/logo\/image\/\"},\"sameAs\":[\"https:\/\/www.facebook.com\/dreww.agency\",\"https:\/\/x.com\/dreww_agency\",\"https:\/\/www.instagram.com\/dreww\/\",\"https:\/\/www.youtube.com\/channel\/UCsHMxWoJuOGG5K_vmsRHv2A\"]}]}<\/script>\n<!-- \/ Yoast SEO Premium plugin. -->","yoast_head_json":{"title":"Double promotion chez Dreww pour Olivia Rijntjes et Clothilde Fortin &#8212; DREWW","description":"Olivia Rijntjes devient gestionnaire de projets num\u00e9riques s\u00e9nior, alors que Clothilde Fortin devient gestionnaire s\u00e9nior des m\u00e9dias sociaux.\u00a0","robots":{"index":"index","follow":"follow","max-snippet":"max-snippet:-1","max-image-preview":"max-image-preview:large","max-video-preview":"max-video-preview:-1"},"canonical":"https:\/\/dreww.ca\/fr\/communiques-de-presse\/double-promotion-at-dreww-for-olivia-rijntjes-and-clothilde-fortin\/","og_locale":"fr_FR","og_type":"article","og_title":"Double promotion chez Dreww pour Olivia Rijntjes et Clothilde Fortin","og_description":"Olivia Rijntjes devient gestionnaire de projets num\u00e9riques s\u00e9nior, alors que Clothilde Fortin devient gestionnaire s\u00e9nior des m\u00e9dias sociaux.\u00a0","og_url":"https:\/\/dreww.ca\/fr\/communiques-de-presse\/double-promotion-at-dreww-for-olivia-rijntjes-and-clothilde-fortin\/","og_site_name":"DREWW","article_publisher":"https:\/\/www.facebook.com\/dreww.agency","article_modified_time":"2023-08-11T21:59:12+00:00","og_image":[{"width":1200,"height":630,"url":"https:\/\/dreww.ca\/wp-content\/uploads\/2022\/01\/oli-clo.jpg","type":"image\/jpeg"}],"twitter_card":"summary_large_image","twitter_title":"Double promotion chez Dreww pour Olivia Rijntjes et Clothilde Fortin","twitter_site":"@dreww_agency","twitter_misc":{"Dur\u00e9e de lecture estim\u00e9e":"4 minutes"},"schema":{"@context":"https:\/\/schema.org","@graph":[{"@type":"WebPage","@id":"https:\/\/dreww.ca\/fr\/communiques-de-presse\/double-promotion-at-dreww-for-olivia-rijntjes-and-clothilde-fortin\/","url":"https:\/\/dreww.ca\/fr\/communiques-de-presse\/double-promotion-at-dreww-for-olivia-rijntjes-and-clothilde-fortin\/","name":"Double promotion chez Dreww pour Olivia Rijntjes et Clothilde Fortin &#8212; DREWW","isPartOf":{"@id":"https:\/\/dreww.ca\/fr\/#website"},"primaryImageOfPage":{"@id":"https:\/\/dreww.ca\/fr\/communiques-de-presse\/double-promotion-at-dreww-for-olivia-rijntjes-and-clothilde-fortin\/#primaryimage"},"image":{"@id":"https:\/\/dreww.ca\/fr\/communiques-de-presse\/double-promotion-at-dreww-for-olivia-rijntjes-and-clothilde-fortin\/#primaryimage"},"thumbnailUrl":"https:\/\/dreww.ca\/wp-content\/uploads\/2022\/01\/olivclo_adjusted-1.jpg","datePublished":"2022-01-17T19:19:22+00:00","dateModified":"2023-08-11T21:59:12+00:00","description":"Olivia Rijntjes devient gestionnaire de projets num\u00e9riques s\u00e9nior, alors que Clothilde Fortin devient gestionnaire s\u00e9nior des m\u00e9dias sociaux.\u00a0","breadcrumb":{"@id":"https:\/\/dreww.ca\/fr\/communiques-de-presse\/double-promotion-at-dreww-for-olivia-rijntjes-and-clothilde-fortin\/#breadcrumb"},"inLanguage":"fr-FR","potentialAction":[{"@type":"ReadAction","target":["https:\/\/dreww.ca\/fr\/communiques-de-presse\/double-promotion-at-dreww-for-olivia-rijntjes-and-clothilde-fortin\/"]}]},{"@type":"ImageObject","inLanguage":"fr-FR","@id":"https:\/\/dreww.ca\/fr\/communiques-de-presse\/double-promotion-at-dreww-for-olivia-rijntjes-and-clothilde-fortin\/#primaryimage","url":"https:\/\/dreww.ca\/wp-content\/uploads\/2022\/01\/olivclo_adjusted-1.jpg","contentUrl":"https:\/\/dreww.ca\/wp-content\/uploads\/2022\/01\/olivclo_adjusted-1.jpg","width":1440,"height":900},{"@type":"BreadcrumbList","@id":"https:\/\/dreww.ca\/fr\/communiques-de-presse\/double-promotion-at-dreww-for-olivia-rijntjes-and-clothilde-fortin\/#breadcrumb","itemListElement":[{"@type":"ListItem","position":1,"name":"Home","item":"https:\/\/dreww.ca\/fr\/"},{"@type":"ListItem","position":2,"name":"Press Releases","item":"https:\/\/dreww.ca\/fr\/communiques-de-presse\/"},{"@type":"ListItem","position":3,"name":"Double promotion chez Dreww pour Olivia Rijntjes et Clothilde Fortin"}]},{"@type":"WebSite","@id":"https:\/\/dreww.ca\/fr\/#website","url":"https:\/\/dreww.ca\/fr\/","name":"DREWW","description":"Full-service digital advertising agency + production studio","publisher":{"@id":"https:\/\/dreww.ca\/fr\/#organization"},"potentialAction":[{"@type":"SearchAction","target":{"@type":"EntryPoint","urlTemplate":"https:\/\/dreww.ca\/fr\/?s={search_term_string}"},"query-input":{"@type":"PropertyValueSpecification","valueRequired":true,"valueName":"search_term_string"}}],"inLanguage":"fr-FR"},{"@type":"Organization","@id":"https:\/\/dreww.ca\/fr\/#organization","name":"Dreww","url":"https:\/\/dreww.ca\/fr\/","logo":{"@type":"ImageObject","inLanguage":"fr-FR","@id":"https:\/\/dreww.ca\/fr\/#\/schema\/logo\/image\/","url":"https:\/\/dreww.ca\/wp-content\/uploads\/2021\/01\/dreww_logo_icon_burgundy.png","contentUrl":"https:\/\/dreww.ca\/wp-content\/uploads\/2021\/01\/dreww_logo_icon_burgundy.png","width":1000,"height":1000,"caption":"Dreww"},"image":{"@id":"https:\/\/dreww.ca\/fr\/#\/schema\/logo\/image\/"},"sameAs":["https:\/\/www.facebook.com\/dreww.agency","https:\/\/x.com\/dreww_agency","https:\/\/www.instagram.com\/dreww\/","https:\/\/www.youtube.com\/channel\/UCsHMxWoJuOGG5K_vmsRHv2A"]}]}},"_links":{"self":[{"href":"https:\/\/dreww.ca\/fr\/wp-json\/wp\/v2\/press-releases\/10209","targetHints":{"allow":["GET"]}}],"collection":[{"href":"https:\/\/dreww.ca\/fr\/wp-json\/wp\/v2\/press-releases"}],"about":[{"href":"https:\/\/dreww.ca\/fr\/wp-json\/wp\/v2\/types\/press-releases"}],"wp:featuredmedia":[{"embeddable":true,"href":"https:\/\/dreww.ca\/fr\/wp-json\/wp\/v2\/media\/10210"}],"wp:attachment":[{"href":"https:\/\/dreww.ca\/fr\/wp-json\/wp\/v2\/media?parent=10209"}],"curies":[{"name":"wp","href":"https:\/\/api.w.org\/{rel}","templated":true}]}}