{"id":13237,"date":"2023-05-02T08:23:27","date_gmt":"2023-05-02T12:23:27","guid":{"rendered":"https:\/\/dreww.ca\/blog\/evan-baird-is-promoted-to-film-producer\/"},"modified":"2023-08-11T17:45:34","modified_gmt":"2023-08-11T21:45:34","slug":"evan-baird-est-promu-au-poste-de-producteur-cinematographique","status":"publish","type":"press-releases","link":"https:\/\/dreww.ca\/fr\/communiques-de-presse\/evan-baird-est-promu-au-poste-de-producteur-cinematographique\/","title":{"rendered":"Evan Baird est promu au poste de producteur cin\u00e9matographique"},"content":{"rendered":"\n<p><em>Le 2 mai 2023, Montr\u00e9al, Qu\u00e9bec<\/em> \u2013 Dreww a le plaisir d&rsquo;annoncer la promotion bien m\u00e9rit\u00e9e d&rsquo;<a href=\"https:\/\/dreww.ca\/fr\/equipe\/evan-baird\/\">Evan Baird<\/a> au poste de producteur cin\u00e9matographique. Evan a fait des progr\u00e8s remarquables dans ses fonctions au cours des deux derni\u00e8res ann\u00e9es, d&rsquo;abord en tant qu&rsquo;assistant-producteur, puis en tant que responsable de la production cin\u00e9matographique, ce qui t\u00e9moigne de son d\u00e9vouement et de son expertise dans le domaine de la production de films pour les marques.<\/p>\n\n\n\n<p>En tant que producteur cin\u00e9matographique, Evan assumera un r\u00f4le plus \u00e9largi puisqu\u2019il travaillera sur l&rsquo;ensemble du processus de production vid\u00e9o, du pitch \u00e0 la pr\u00e9-production et la post-production. Il collaborera \u00e9troitement avec l&rsquo;\u00e9quipe de cr\u00e9ation, notamment avec les directeurs de cr\u00e9ation, les r\u00e9alisateurs, les directeurs de la photographie, mais aussi les monteurs, afin de veiller au bon d\u00e9roulement de tous nos projets vid\u00e9o. Dans ce nouveau r\u00f4le, Evan sera \u00e9galement responsable de l&rsquo;\u00e9laboration et de la gestion de budgets complexes, de calendriers de production et de relations avec les clients.<\/p>\n\n\n\n<figure class=\"wp-block-gallery has-nested-images columns-default is-cropped wp-block-gallery-1 is-layout-flex wp-block-gallery-is-layout-flex\">\n<figure class=\"wp-block-image size-large\"><img loading=\"lazy\" decoding=\"async\" width=\"1200\" height=\"1500\" data-id=\"13226\" src=\"https:\/\/dreww.ca\/wp-content\/uploads\/2023\/05\/Evan-Baird-Dreww-9.jpg\" alt=\"\" class=\"wp-image-13226\" srcset=\"https:\/\/dreww.ca\/wp-content\/uploads\/2023\/05\/Evan-Baird-Dreww-9.jpg 1200w, https:\/\/dreww.ca\/wp-content\/uploads\/2023\/05\/Evan-Baird-Dreww-9-240x300.jpg 240w, https:\/\/dreww.ca\/wp-content\/uploads\/2023\/05\/Evan-Baird-Dreww-9-819x1024.jpg 819w, https:\/\/dreww.ca\/wp-content\/uploads\/2023\/05\/Evan-Baird-Dreww-9-768x960.jpg 768w, https:\/\/dreww.ca\/wp-content\/uploads\/2023\/05\/Evan-Baird-Dreww-9-100x125.jpg 100w\" sizes=\"auto, (max-width: 1200px) 100vw, 1200px\" \/><\/figure>\n\n\n\n<figure class=\"wp-block-image size-large\"><img loading=\"lazy\" decoding=\"async\" width=\"1200\" height=\"1500\" data-id=\"13220\" src=\"https:\/\/dreww.ca\/wp-content\/uploads\/2023\/05\/Evan-Baird-Dreww-6.jpg\" alt=\"\" class=\"wp-image-13220\" srcset=\"https:\/\/dreww.ca\/wp-content\/uploads\/2023\/05\/Evan-Baird-Dreww-6.jpg 1200w, https:\/\/dreww.ca\/wp-content\/uploads\/2023\/05\/Evan-Baird-Dreww-6-240x300.jpg 240w, https:\/\/dreww.ca\/wp-content\/uploads\/2023\/05\/Evan-Baird-Dreww-6-819x1024.jpg 819w, https:\/\/dreww.ca\/wp-content\/uploads\/2023\/05\/Evan-Baird-Dreww-6-768x960.jpg 768w, https:\/\/dreww.ca\/wp-content\/uploads\/2023\/05\/Evan-Baird-Dreww-6-100x125.jpg 100w\" sizes=\"auto, (max-width: 1200px) 100vw, 1200px\" \/><\/figure>\n\n\n\n<figure class=\"wp-block-image size-large\"><img loading=\"lazy\" decoding=\"async\" width=\"1200\" height=\"1500\" data-id=\"13222\" src=\"https:\/\/dreww.ca\/wp-content\/uploads\/2023\/05\/Evan-Baird-Dreww-7.jpg\" alt=\"\" class=\"wp-image-13222\" srcset=\"https:\/\/dreww.ca\/wp-content\/uploads\/2023\/05\/Evan-Baird-Dreww-7.jpg 1200w, https:\/\/dreww.ca\/wp-content\/uploads\/2023\/05\/Evan-Baird-Dreww-7-240x300.jpg 240w, https:\/\/dreww.ca\/wp-content\/uploads\/2023\/05\/Evan-Baird-Dreww-7-819x1024.jpg 819w, https:\/\/dreww.ca\/wp-content\/uploads\/2023\/05\/Evan-Baird-Dreww-7-768x960.jpg 768w, https:\/\/dreww.ca\/wp-content\/uploads\/2023\/05\/Evan-Baird-Dreww-7-100x125.jpg 100w\" sizes=\"auto, (max-width: 1200px) 100vw, 1200px\" \/><\/figure>\n\n\n\n<figure class=\"wp-block-image size-large\"><img loading=\"lazy\" decoding=\"async\" width=\"1000\" height=\"1500\" data-id=\"13234\" src=\"https:\/\/dreww.ca\/wp-content\/uploads\/2023\/05\/Evan-Baird-Dreww-13.jpg\" alt=\"\" class=\"wp-image-13234\" srcset=\"https:\/\/dreww.ca\/wp-content\/uploads\/2023\/05\/Evan-Baird-Dreww-13.jpg 1000w, https:\/\/dreww.ca\/wp-content\/uploads\/2023\/05\/Evan-Baird-Dreww-13-200x300.jpg 200w, https:\/\/dreww.ca\/wp-content\/uploads\/2023\/05\/Evan-Baird-Dreww-13-683x1024.jpg 683w, https:\/\/dreww.ca\/wp-content\/uploads\/2023\/05\/Evan-Baird-Dreww-13-768x1152.jpg 768w, https:\/\/dreww.ca\/wp-content\/uploads\/2023\/05\/Evan-Baird-Dreww-13-100x150.jpg 100w\" sizes=\"auto, (max-width: 1000px) 100vw, 1000px\" \/><\/figure>\n\n\n\n<figure class=\"wp-block-image size-large\"><img loading=\"lazy\" decoding=\"async\" width=\"1000\" height=\"1500\" data-id=\"13212\" src=\"https:\/\/dreww.ca\/wp-content\/uploads\/2023\/05\/Evan-Baird-Dreww-2.jpg\" alt=\"\" class=\"wp-image-13212\" srcset=\"https:\/\/dreww.ca\/wp-content\/uploads\/2023\/05\/Evan-Baird-Dreww-2.jpg 1000w, https:\/\/dreww.ca\/wp-content\/uploads\/2023\/05\/Evan-Baird-Dreww-2-200x300.jpg 200w, https:\/\/dreww.ca\/wp-content\/uploads\/2023\/05\/Evan-Baird-Dreww-2-683x1024.jpg 683w, https:\/\/dreww.ca\/wp-content\/uploads\/2023\/05\/Evan-Baird-Dreww-2-768x1152.jpg 768w, https:\/\/dreww.ca\/wp-content\/uploads\/2023\/05\/Evan-Baird-Dreww-2-100x150.jpg 100w\" sizes=\"auto, (max-width: 1000px) 100vw, 1000px\" \/><\/figure>\n\n\n\n<figure class=\"wp-block-image size-large\"><img loading=\"lazy\" decoding=\"async\" width=\"1500\" height=\"1000\" data-id=\"13232\" src=\"https:\/\/dreww.ca\/wp-content\/uploads\/2023\/05\/Evan-Baird-Dreww-12.jpg\" alt=\"\" class=\"wp-image-13232\" srcset=\"https:\/\/dreww.ca\/wp-content\/uploads\/2023\/05\/Evan-Baird-Dreww-12.jpg 1500w, https:\/\/dreww.ca\/wp-content\/uploads\/2023\/05\/Evan-Baird-Dreww-12-300x200.jpg 300w, https:\/\/dreww.ca\/wp-content\/uploads\/2023\/05\/Evan-Baird-Dreww-12-1024x683.jpg 1024w, https:\/\/dreww.ca\/wp-content\/uploads\/2023\/05\/Evan-Baird-Dreww-12-768x512.jpg 768w, https:\/\/dreww.ca\/wp-content\/uploads\/2023\/05\/Evan-Baird-Dreww-12-100x67.jpg 100w\" sizes=\"auto, (max-width: 1500px) 100vw, 1500px\" \/><\/figure>\n<figcaption class=\"blocks-gallery-caption\">Diverses photos d&rsquo;Evan en tournage.<\/figcaption><\/figure>\n\n\n\n<blockquote class=\"wp-block-quote is-layout-flow wp-block-quote-is-layout-flow\"><p>\u00ab Le progr\u00e8s d&rsquo;Evan au cours des deux derni\u00e8res ann\u00e9es est une v\u00e9ritable source d&rsquo;inspiration. Alors que je me concentre sur des facettes plus g\u00e9n\u00e9rales de l\u2019entreprise, il est essentiel que nous confiions des responsabilit\u00e9s cl\u00e9s aux membres les plus anciens de notre \u00e9quipe, tels qu&rsquo;Evan. Apr\u00e8s avoir acquis une exp\u00e9rience inestimable sur diff\u00e9rents plateaux de tournage, je juge qu\u2019il est maintenant pr\u00eat \u00e0 relever de nouveaux d\u00e9fis. \u00bb<\/p><cite> &#8211; Andrew Johnson, fondateur et PDG de Dreww.<\/cite><\/blockquote>\n\n\n\n<p>De plus, la compr\u00e9hension approfondie des r\u00e8glements syndicaux d&rsquo;Evan en fait une ressource inestimable pour notre \u00e9quipe. Il a constamment d\u00e9montr\u00e9 une solide ma\u00eetrise des r\u00e8gles complexes qui r\u00e9gissent notre industrie avec les acteurs et les techniciens, nous permettant de naviguer avec aisance \u00e0 travers les subtilit\u00e9s des exigences syndicales. Cette combinaison de d\u00e9vouement, d&rsquo;initiative et d&rsquo;expertise a fait d&rsquo;Evan un \u00e9l\u00e9ment essentiel de notre succ\u00e8s et un choix naturel pour son nouveau r\u00f4le en tant que Producteur cin\u00e9matographique.<\/p>\n\n\n\n<blockquote class=\"wp-block-quote is-layout-flow wp-block-quote-is-layout-flow\"><p><em>\u00ab&nbsp;Je suis tr\u00e8s heureux d\u2019occuper ce nouveau r\u00f4le de producteur cin\u00e9matographique. Je n\u2019aurais jamais pens\u00e9 que les mini-m\u00e9trages que je faisais sur YouTube quand j&rsquo;\u00e9tais jeune seraient \u00e0 l&rsquo;origine de la passion que j\u2019ai pour la vid\u00e9o aujourd\u2019hui. Je suis impatient de relever les nouveaux d\u00e9fis et de saisir toutes les opportunit\u00e9s qui s&rsquo;offriront \u00e0 moi. Au boulot!&nbsp;\u00bb<\/em><\/p><cite>&#8211; Evan Baird, producteur cin\u00e9matographique chez Dreww.<\/cite><\/blockquote>\n\n\n\n<p>En plus de ses responsabilit\u00e9s habituelles sur les plateaux de tournage, Evan a jou\u00e9 un r\u00f4le cl\u00e9 dans la cr\u00e9ation de contenu marketing pour les services de Production cin\u00e9matographique de Dreww. Par exemple, il a contribu\u00e9 \u00e0 l&rsquo;\u00e9laboration de plusieurs vid\u00e9os de l&rsquo;Acad\u00e9mie Dreww, comme celle \u00e9num\u00e9r\u00e9e ci-dessous, qui explique les ressources n\u00e9cessaires pour un projet de production de film r\u00e9ussi.<\/p>\n\n\n\n<figure class=\"wp-block-embed is-type-video is-provider-youtube wp-block-embed-youtube wp-embed-aspect-16-9 wp-has-aspect-ratio\"><div class=\"wp-block-embed__wrapper\">\n<div class=\"x-resp-embed x-is-video x-is-youtube\"><iframe loading=\"lazy\" title=\"Why You Need 30+ People To Make a 15sec Ad\" width=\"1590\" height=\"894\" src=\"https:\/\/www.youtube.com\/embed\/-P69vFZHvWs?feature=oembed\" frameborder=\"0\" allow=\"accelerometer; autoplay; clipboard-write; encrypted-media; gyroscope; picture-in-picture; web-share\" referrerpolicy=\"strict-origin-when-cross-origin\" allowfullscreen><\/iframe><\/div>\n<\/div><\/figure>\n\n\n\n<p><strong>\u00c0 propos d\u2019Evan Baird<\/strong><\/p>\n\n\n\n<p>Evan Baird est un passionn\u00e9 de la production audiovisuelle poss\u00e9dant une vaste exp\u00e9rience dans la gestion et la production de films de haute qualit\u00e9. Sa passion pour les m\u00e9dias visuels, en plus de ses solides comp\u00e9tences en mati\u00e8re d&rsquo;organisation et de leadership, fait de lui un producteur cin\u00e9matographique hors pair et un atout pr\u00e9cieux chez Dreww.<\/p>\n\n\n\n<p><strong>\u00c0 propos de Dreww<\/strong><\/p>\n\n\n\n<p>Dreww est une agence de publicit\u00e9 num\u00e9rique et un studio de production multidisciplinaire fond\u00e9 par Andrew Johnson. Situ\u00e9 au c\u0153ur du quartier Griffintown, \u00e0 Montr\u00e9al, Dreww est un collectif de natifs du num\u00e9rique, travaillant ensemble afin de propulser des marques en ligne. Fond\u00e9e en 2013, Dreww est aujourd\u2019hui mandat\u00e9e par des dizaines de marques locales, nationales et internationales, telles que Porsche Cars Canada, AB InBev (Labatt, Bud Light, Archibald Microbrasserie, Hoegardeen, Cidrerie Lacroix), Unilever (Maille Canada), Cook it, Jeep, Loto-Qu\u00e9bec, Cirque du Soleil et Four Seasons, pour n\u2019en citer que quelques-unes.<\/p>\n\n\n\n<figure class=\"wp-block-embed is-type-video is-provider-youtube wp-block-embed-youtube wp-embed-aspect-16-9 wp-has-aspect-ratio\"><div class=\"wp-block-embed__wrapper\">\n<div class=\"x-resp-embed x-is-video x-is-youtube\"><iframe loading=\"lazy\" title=\"Dreww - Rencontrez l\u2019agence de publicit\u00e9 du futur, d\u00e8s maintenant\" width=\"1590\" height=\"894\" src=\"https:\/\/www.youtube.com\/embed\/T0pME4_9zTg?feature=oembed\" frameborder=\"0\" allow=\"accelerometer; autoplay; clipboard-write; encrypted-media; gyroscope; picture-in-picture; web-share\" referrerpolicy=\"strict-origin-when-cross-origin\" allowfullscreen><\/iframe><\/div>\n<\/div><\/figure>\n","protected":false},"featured_media":13236,"template":"","meta":{"_acf_changed":false,"content-type":""},"class_list":["post-13237","press-releases","type-press-releases","status-publish","has-post-thumbnail","hentry"],"acf":[],"yoast_head":"<!-- This site is optimized with the Yoast SEO Premium plugin v18.2.1 (Yoast SEO v26.5) - https:\/\/yoast.com\/wordpress\/plugins\/seo\/ -->\n<title>Evan Baird est promu au poste de producteur cin\u00e9matographique &#8212; DREWW<\/title>\n<meta name=\"robots\" content=\"index, follow, max-snippet:-1, max-image-preview:large, max-video-preview:-1\" \/>\n<link rel=\"canonical\" href=\"https:\/\/dreww.ca\/fr\/communiques-de-presse\/evan-baird-est-promu-au-poste-de-producteur-cinematographique\/\" \/>\n<meta property=\"og:locale\" content=\"fr_FR\" \/>\n<meta property=\"og:type\" content=\"article\" \/>\n<meta property=\"og:title\" content=\"Evan Baird est promu au poste de producteur cin\u00e9matographique\" \/>\n<meta property=\"og:description\" content=\"Dreww a le plaisir d&#039;annoncer la promotion bien m\u00e9rit\u00e9e d&#039;Evan Baird au poste de producteur cin\u00e9matographique.\" \/>\n<meta property=\"og:url\" content=\"https:\/\/dreww.ca\/fr\/communiques-de-presse\/evan-baird-est-promu-au-poste-de-producteur-cinematographique\/\" \/>\n<meta property=\"og:site_name\" content=\"DREWW\" \/>\n<meta property=\"article:publisher\" content=\"https:\/\/www.facebook.com\/dreww.agency\" \/>\n<meta property=\"article:modified_time\" content=\"2023-08-11T21:45:34+00:00\" \/>\n<meta property=\"og:image\" content=\"https:\/\/dreww.ca\/wp-content\/uploads\/2023\/05\/Evan-Baird-Dreww.jpg\" \/>\n\t<meta property=\"og:image:width\" content=\"1440\" \/>\n\t<meta property=\"og:image:height\" content=\"900\" \/>\n\t<meta property=\"og:image:type\" content=\"image\/jpeg\" \/>\n<meta name=\"twitter:card\" content=\"summary_large_image\" \/>\n<meta name=\"twitter:description\" content=\"Dreww a le plaisir d&#039;annoncer la promotion bien m\u00e9rit\u00e9e d&#039;Evan Baird au poste de producteur cin\u00e9matographique.\" \/>\n<meta name=\"twitter:site\" content=\"@dreww_agency\" \/>\n<meta name=\"twitter:label1\" content=\"Dur\u00e9e de lecture estim\u00e9e\" \/>\n\t<meta name=\"twitter:data1\" content=\"4 minutes\" \/>\n<script type=\"application\/ld+json\" class=\"yoast-schema-graph\">{\"@context\":\"https:\/\/schema.org\",\"@graph\":[{\"@type\":\"WebPage\",\"@id\":\"https:\/\/dreww.ca\/fr\/communiques-de-presse\/evan-baird-est-promu-au-poste-de-producteur-cinematographique\/\",\"url\":\"https:\/\/dreww.ca\/fr\/communiques-de-presse\/evan-baird-est-promu-au-poste-de-producteur-cinematographique\/\",\"name\":\"Evan Baird est promu au poste de producteur cin\u00e9matographique &#8212; DREWW\",\"isPartOf\":{\"@id\":\"https:\/\/dreww.ca\/fr\/#website\"},\"primaryImageOfPage\":{\"@id\":\"https:\/\/dreww.ca\/fr\/communiques-de-presse\/evan-baird-est-promu-au-poste-de-producteur-cinematographique\/#primaryimage\"},\"image\":{\"@id\":\"https:\/\/dreww.ca\/fr\/communiques-de-presse\/evan-baird-est-promu-au-poste-de-producteur-cinematographique\/#primaryimage\"},\"thumbnailUrl\":\"https:\/\/dreww.ca\/wp-content\/uploads\/2023\/05\/Evan-Baird-Dreww.jpg\",\"datePublished\":\"2023-05-02T12:23:27+00:00\",\"dateModified\":\"2023-08-11T21:45:34+00:00\",\"breadcrumb\":{\"@id\":\"https:\/\/dreww.ca\/fr\/communiques-de-presse\/evan-baird-est-promu-au-poste-de-producteur-cinematographique\/#breadcrumb\"},\"inLanguage\":\"fr-FR\",\"potentialAction\":[{\"@type\":\"ReadAction\",\"target\":[\"https:\/\/dreww.ca\/fr\/communiques-de-presse\/evan-baird-est-promu-au-poste-de-producteur-cinematographique\/\"]}]},{\"@type\":\"ImageObject\",\"inLanguage\":\"fr-FR\",\"@id\":\"https:\/\/dreww.ca\/fr\/communiques-de-presse\/evan-baird-est-promu-au-poste-de-producteur-cinematographique\/#primaryimage\",\"url\":\"https:\/\/dreww.ca\/wp-content\/uploads\/2023\/05\/Evan-Baird-Dreww.jpg\",\"contentUrl\":\"https:\/\/dreww.ca\/wp-content\/uploads\/2023\/05\/Evan-Baird-Dreww.jpg\",\"width\":1440,\"height\":900},{\"@type\":\"BreadcrumbList\",\"@id\":\"https:\/\/dreww.ca\/fr\/communiques-de-presse\/evan-baird-est-promu-au-poste-de-producteur-cinematographique\/#breadcrumb\",\"itemListElement\":[{\"@type\":\"ListItem\",\"position\":1,\"name\":\"Home\",\"item\":\"https:\/\/dreww.ca\/fr\/\"},{\"@type\":\"ListItem\",\"position\":2,\"name\":\"Press Releases\",\"item\":\"https:\/\/dreww.ca\/fr\/communiques-de-presse\/\"},{\"@type\":\"ListItem\",\"position\":3,\"name\":\"Evan Baird est promu au poste de producteur cin\u00e9matographique\"}]},{\"@type\":\"WebSite\",\"@id\":\"https:\/\/dreww.ca\/fr\/#website\",\"url\":\"https:\/\/dreww.ca\/fr\/\",\"name\":\"DREWW\",\"description\":\"Full-service digital advertising agency + production studio\",\"publisher\":{\"@id\":\"https:\/\/dreww.ca\/fr\/#organization\"},\"potentialAction\":[{\"@type\":\"SearchAction\",\"target\":{\"@type\":\"EntryPoint\",\"urlTemplate\":\"https:\/\/dreww.ca\/fr\/?s={search_term_string}\"},\"query-input\":{\"@type\":\"PropertyValueSpecification\",\"valueRequired\":true,\"valueName\":\"search_term_string\"}}],\"inLanguage\":\"fr-FR\"},{\"@type\":\"Organization\",\"@id\":\"https:\/\/dreww.ca\/fr\/#organization\",\"name\":\"Dreww\",\"url\":\"https:\/\/dreww.ca\/fr\/\",\"logo\":{\"@type\":\"ImageObject\",\"inLanguage\":\"fr-FR\",\"@id\":\"https:\/\/dreww.ca\/fr\/#\/schema\/logo\/image\/\",\"url\":\"https:\/\/dreww.ca\/wp-content\/uploads\/2021\/01\/dreww_logo_icon_burgundy.png\",\"contentUrl\":\"https:\/\/dreww.ca\/wp-content\/uploads\/2021\/01\/dreww_logo_icon_burgundy.png\",\"width\":1000,\"height\":1000,\"caption\":\"Dreww\"},\"image\":{\"@id\":\"https:\/\/dreww.ca\/fr\/#\/schema\/logo\/image\/\"},\"sameAs\":[\"https:\/\/www.facebook.com\/dreww.agency\",\"https:\/\/x.com\/dreww_agency\",\"https:\/\/www.instagram.com\/dreww\/\",\"https:\/\/www.youtube.com\/channel\/UCsHMxWoJuOGG5K_vmsRHv2A\"]}]}<\/script>\n<!-- \/ Yoast SEO Premium plugin. -->","yoast_head_json":{"title":"Evan Baird est promu au poste de producteur cin\u00e9matographique &#8212; DREWW","robots":{"index":"index","follow":"follow","max-snippet":"max-snippet:-1","max-image-preview":"max-image-preview:large","max-video-preview":"max-video-preview:-1"},"canonical":"https:\/\/dreww.ca\/fr\/communiques-de-presse\/evan-baird-est-promu-au-poste-de-producteur-cinematographique\/","og_locale":"fr_FR","og_type":"article","og_title":"Evan Baird est promu au poste de producteur cin\u00e9matographique","og_description":"Dreww a le plaisir d'annoncer la promotion bien m\u00e9rit\u00e9e d'Evan Baird au poste de producteur cin\u00e9matographique.","og_url":"https:\/\/dreww.ca\/fr\/communiques-de-presse\/evan-baird-est-promu-au-poste-de-producteur-cinematographique\/","og_site_name":"DREWW","article_publisher":"https:\/\/www.facebook.com\/dreww.agency","article_modified_time":"2023-08-11T21:45:34+00:00","og_image":[{"width":1440,"height":900,"url":"https:\/\/dreww.ca\/wp-content\/uploads\/2023\/05\/Evan-Baird-Dreww.jpg","type":"image\/jpeg"}],"twitter_card":"summary_large_image","twitter_description":"Dreww a le plaisir d'annoncer la promotion bien m\u00e9rit\u00e9e d'Evan Baird au poste de producteur cin\u00e9matographique.","twitter_site":"@dreww_agency","twitter_misc":{"Dur\u00e9e de lecture estim\u00e9e":"4 minutes"},"schema":{"@context":"https:\/\/schema.org","@graph":[{"@type":"WebPage","@id":"https:\/\/dreww.ca\/fr\/communiques-de-presse\/evan-baird-est-promu-au-poste-de-producteur-cinematographique\/","url":"https:\/\/dreww.ca\/fr\/communiques-de-presse\/evan-baird-est-promu-au-poste-de-producteur-cinematographique\/","name":"Evan Baird est promu au poste de producteur cin\u00e9matographique &#8212; DREWW","isPartOf":{"@id":"https:\/\/dreww.ca\/fr\/#website"},"primaryImageOfPage":{"@id":"https:\/\/dreww.ca\/fr\/communiques-de-presse\/evan-baird-est-promu-au-poste-de-producteur-cinematographique\/#primaryimage"},"image":{"@id":"https:\/\/dreww.ca\/fr\/communiques-de-presse\/evan-baird-est-promu-au-poste-de-producteur-cinematographique\/#primaryimage"},"thumbnailUrl":"https:\/\/dreww.ca\/wp-content\/uploads\/2023\/05\/Evan-Baird-Dreww.jpg","datePublished":"2023-05-02T12:23:27+00:00","dateModified":"2023-08-11T21:45:34+00:00","breadcrumb":{"@id":"https:\/\/dreww.ca\/fr\/communiques-de-presse\/evan-baird-est-promu-au-poste-de-producteur-cinematographique\/#breadcrumb"},"inLanguage":"fr-FR","potentialAction":[{"@type":"ReadAction","target":["https:\/\/dreww.ca\/fr\/communiques-de-presse\/evan-baird-est-promu-au-poste-de-producteur-cinematographique\/"]}]},{"@type":"ImageObject","inLanguage":"fr-FR","@id":"https:\/\/dreww.ca\/fr\/communiques-de-presse\/evan-baird-est-promu-au-poste-de-producteur-cinematographique\/#primaryimage","url":"https:\/\/dreww.ca\/wp-content\/uploads\/2023\/05\/Evan-Baird-Dreww.jpg","contentUrl":"https:\/\/dreww.ca\/wp-content\/uploads\/2023\/05\/Evan-Baird-Dreww.jpg","width":1440,"height":900},{"@type":"BreadcrumbList","@id":"https:\/\/dreww.ca\/fr\/communiques-de-presse\/evan-baird-est-promu-au-poste-de-producteur-cinematographique\/#breadcrumb","itemListElement":[{"@type":"ListItem","position":1,"name":"Home","item":"https:\/\/dreww.ca\/fr\/"},{"@type":"ListItem","position":2,"name":"Press Releases","item":"https:\/\/dreww.ca\/fr\/communiques-de-presse\/"},{"@type":"ListItem","position":3,"name":"Evan Baird est promu au poste de producteur cin\u00e9matographique"}]},{"@type":"WebSite","@id":"https:\/\/dreww.ca\/fr\/#website","url":"https:\/\/dreww.ca\/fr\/","name":"DREWW","description":"Full-service digital advertising agency + production studio","publisher":{"@id":"https:\/\/dreww.ca\/fr\/#organization"},"potentialAction":[{"@type":"SearchAction","target":{"@type":"EntryPoint","urlTemplate":"https:\/\/dreww.ca\/fr\/?s={search_term_string}"},"query-input":{"@type":"PropertyValueSpecification","valueRequired":true,"valueName":"search_term_string"}}],"inLanguage":"fr-FR"},{"@type":"Organization","@id":"https:\/\/dreww.ca\/fr\/#organization","name":"Dreww","url":"https:\/\/dreww.ca\/fr\/","logo":{"@type":"ImageObject","inLanguage":"fr-FR","@id":"https:\/\/dreww.ca\/fr\/#\/schema\/logo\/image\/","url":"https:\/\/dreww.ca\/wp-content\/uploads\/2021\/01\/dreww_logo_icon_burgundy.png","contentUrl":"https:\/\/dreww.ca\/wp-content\/uploads\/2021\/01\/dreww_logo_icon_burgundy.png","width":1000,"height":1000,"caption":"Dreww"},"image":{"@id":"https:\/\/dreww.ca\/fr\/#\/schema\/logo\/image\/"},"sameAs":["https:\/\/www.facebook.com\/dreww.agency","https:\/\/x.com\/dreww_agency","https:\/\/www.instagram.com\/dreww\/","https:\/\/www.youtube.com\/channel\/UCsHMxWoJuOGG5K_vmsRHv2A"]}]}},"_links":{"self":[{"href":"https:\/\/dreww.ca\/fr\/wp-json\/wp\/v2\/press-releases\/13237","targetHints":{"allow":["GET"]}}],"collection":[{"href":"https:\/\/dreww.ca\/fr\/wp-json\/wp\/v2\/press-releases"}],"about":[{"href":"https:\/\/dreww.ca\/fr\/wp-json\/wp\/v2\/types\/press-releases"}],"wp:featuredmedia":[{"embeddable":true,"href":"https:\/\/dreww.ca\/fr\/wp-json\/wp\/v2\/media\/13236"}],"wp:attachment":[{"href":"https:\/\/dreww.ca\/fr\/wp-json\/wp\/v2\/media?parent=13237"}],"curies":[{"name":"wp","href":"https:\/\/api.w.org\/{rel}","templated":true}]}}